{"id":2109,"date":"2020-06-02T13:21:41","date_gmt":"2020-06-02T11:21:41","guid":{"rendered":"http:\/\/www.opalinka.cz\/flora\/?p=2109"},"modified":"2020-06-02T13:24:24","modified_gmt":"2020-06-02T11:24:24","slug":"summer-show-june-17th","status":"publish","type":"post","link":"https:\/\/www.opalinka.cz\/flora\/en\/summer-show-june-17th\/","title":{"rendered":"SUMMER SHOW  June 17th"},"content":{"rendered":"<p>[et_pb_section fb_built=&#8220;1&#8243; background_color_gradient_end_1=&#8220;#c7cbd4&#8243; admin_label=&#8220;Feature&#8220; _builder_version=&#8220;4.3.4&#8243; background_color=&#8220;rgba(0,0,0,0.04)&#8220; background_image=&#8220;http:\/\/www.opalinka.cz\/flora\/wp-content\/uploads\/sites\/2\/2020\/02\/shapes-bg-color-1.png&#8220; width=&#8220;100%&#8220; max_width=&#8220;100%&#8220; module_alignment=&#8220;center&#8220; custom_margin_tablet=&#8220;&#8220; custom_margin_phone=&#8220;||-235px||false|false&#8220; custom_margin_last_edited=&#8220;on|phone&#8220; custom_padding=&#8220;0|0px|0|0px|false|false&#8220; locked=&#8220;off&#8220;][et_pb_row column_structure=&#8220;1_2,1_2&#8243; use_custom_gutter=&#8220;on&#8220; gutter_width=&#8220;1&#8243; make_equal=&#8220;on&#8220; padding_top_bottom_link_1=&#8220;true&#8220; padding_top_bottom_link_2=&#8220;true&#8220; module_class=&#8220; et_pb_row_fullwidth&#8220; _builder_version=&#8220;4.2.2&#8243; width=&#8220;100%&#8220; width_tablet=&#8220;100%&#8220; width_phone=&#8220;&#8220; width_last_edited=&#8220;on|desktop&#8220; max_width=&#8220;100%&#8220; max_width_tablet=&#8220;100%&#8220; max_width_phone=&#8220;&#8220; max_width_last_edited=&#8220;on|desktop&#8220; custom_margin=&#8220;-1px|auto|-2px|auto||&#8220; custom_padding=&#8220;0px|0px|1px|0px|false|false&#8220; make_fullwidth=&#8220;on&#8220;][et_pb_column type=&#8220;1_2&#8243; _builder_version=&#8220;4.2.2&#8243; background_enable_color=&#8220;off&#8220; custom_padding=&#8220;120px|80px|120px|10%&#8220; custom_padding_tablet=&#8220;|10%||10%||true&#8220; custom_padding_phone=&#8220;&#8220; custom_padding_last_edited=&#8220;on|tablet&#8220; padding_tablet=&#8220;|10%||10%||true&#8220; padding_last_edited=&#8220;on|tablet&#8220; custom_padding__hover=&#8220;|||&#8220;][et_pb_text admin_label=&#8220;Title&#8220; _builder_version=&#8220;4.4.4&#8243; text_font=&#8220;Open Sans|500|||||||&#8220; text_text_color=&#8220;#565656&#8243; text_line_height=&#8220;2em&#8220; quote_font=&#8220;||||||||&#8220; header_font=&#8220;||||||||&#8220; header_2_font=&#8220;Cabin Sketch|700||on|||||&#8220; header_2_font_size=&#8220;40px&#8220; header_2_letter_spacing=&#8220;6px&#8220; header_2_line_height=&#8220;1.4em&#8220; header_5_font=&#8220;Rubik|700||on|||||&#8220; header_5_text_color=&#8220;#ff9c02&#8243; header_5_letter_spacing=&#8220;5px&#8220; header_5_line_height=&#8220;1.2em&#8220; background_layout=&#8220;dark&#8220; max_width=&#8220;600px&#8220; max_width_tablet=&#8220;&#8220; max_width_phone=&#8220;&#8220; max_width_last_edited=&#8220;on|phone&#8220; custom_margin=&#8220;-59px|||220px|false|false&#8220; custom_margin_tablet=&#8220;|70px||70px&#8220; custom_margin_phone=&#8220;|0px||0px|false|false&#8220; custom_margin_last_edited=&#8220;on|phone&#8220; custom_padding=&#8220;0px||0px||false|false&#8220; text_line_height_last_edited=&#8220;off|desktop&#8220; header_2_font_size_tablet=&#8220;&#8220; header_2_font_size_phone=&#8220;30px&#8220; header_2_font_size_last_edited=&#8220;on|phone&#8220; locked=&#8220;off&#8220; inline_fonts=&#8220;Sacramento&#8220;]<\/p>\n<p style=\"text-align: center\">We would like to invite you to our Summer Show which begins at 15:30. After the show we will have a Tea Party. Please feel free to bring refreshments<\/p>\n<p>[\/et_pb_text][et_pb_divider show_divider=&#8220;off&#8220; _builder_version=&#8220;4.3.4&#8243; custom_margin=&#8220;137px||||false|false&#8220; custom_margin_tablet=&#8220;&#8220; custom_margin_phone=&#8220;12px||||false|false&#8220; custom_margin_last_edited=&#8220;on|phone&#8220; custom_padding=&#8220;0px||||false|false&#8220;][\/et_pb_divider][et_pb_text _builder_version=&#8220;4.3.4&#8243; header_text_color=&#8220;#565656&#8243; custom_margin=&#8220;||31px|220px|false|false&#8220; custom_margin_tablet=&#8220;&#8220; custom_margin_phone=&#8220;||31px|0px|false|false&#8220; custom_margin_last_edited=&#8220;on|phone&#8220;]<\/p>\n<h1>Next Opalinka news<\/h1>\n<p>[\/et_pb_text][et_pb_blog show_thumbnail=&#8220;off&#8220; excerpt_length=&#8220;100&#8243; show_more=&#8220;on&#8220; show_author=&#8220;off&#8220; show_date=&#8220;off&#8220; show_categories=&#8220;off&#8220; _builder_version=&#8220;4.3.4&#8243; header_text_color=&#8220;#565656&#8243; header_font_size=&#8220;22px&#8220; body_font=&#8220;||on||||||&#8220; body_text_color=&#8220;#565656&#8243; body_font_size=&#8220;15px&#8220; meta_font=&#8220;|300|||||||&#8220; meta_text_color=&#8220;#ffffff&#8220; read_more_text_color=&#8220;#565656&#8243; background_layout=&#8220;dark&#8220; custom_padding=&#8220;|||220px|false|false&#8220; custom_padding_tablet=&#8220;&#8220; custom_padding_phone=&#8220;|||0px|false|false&#8220; custom_padding_last_edited=&#8220;on|phone&#8220;][\/et_pb_blog][\/et_pb_column][et_pb_column type=&#8220;1_2&#8243; _builder_version=&#8220;4.2.2&#8243; background_color_gradient_direction=&#8220;90deg&#8220; background_enable_image=&#8220;off&#8220; custom_padding=&#8220;120px|10%|120px|80px&#8220; custom_padding_tablet=&#8220;|10%||10%||true&#8220; custom_padding_phone=&#8220;&#8220; custom_padding_last_edited=&#8220;on|tablet&#8220; padding_tablet=&#8220;|10%||10%||true&#8220; padding_last_edited=&#8220;on|tablet&#8220; custom_padding__hover=&#8220;|||&#8220;][\/et_pb_column][\/et_pb_row][\/et_pb_section][et_pb_section fb_built=&#8220;1&#8243; admin_label=&#8220;Contact Info&#8220; module_id=&#8220;kontakt&#8220; _builder_version=&#8220;4.2.2&#8243; background_color=&#8220;#fab400&#8243; background_image=&#8220;http:\/\/www.opalinka.cz\/flora\/wp-content\/uploads\/sites\/2\/2020\/02\/day_care_bg_02.png&#8220; background_position=&#8220;top_center&#8220; module_alignment=&#8220;right&#8220; min_height=&#8220;444px&#8220; custom_margin=&#8220;-4px|||||&#8220; custom_padding=&#8220;8vw||0px||false|false&#8220; top_divider_style=&#8220;waves&#8220; top_divider_color=&#8220;#ffffff&#8220; top_divider_height=&#8220;6vw&#8220; top_divider_repeat=&#8220;0.75x&#8220; top_divider_flip=&#8220;vertical&#8220; border_radii=&#8220;||||&#8220; box_shadow_style=&#8220;preset6&#8243; box_shadow_vertical=&#8220;100px&#8220; box_shadow_blur=&#8220;140px&#8220; box_shadow_spread=&#8220;-40px&#8220; box_shadow_color=&#8220;rgba(0,0,0,0.07)&#8220; global_module=&#8220;1483&#8243; saved_tabs=&#8220;all&#8220;][et_pb_row column_structure=&#8220;1_3,1_3,1_3&#8243; make_equal=&#8220;on&#8220; _builder_version=&#8220;4.2.2&#8243; custom_margin=&#8220;|auto|39px|auto||&#8220;][et_pb_column type=&#8220;1_3&#8243; _builder_version=&#8220;3.25&#8243; custom_padding=&#8220;|||&#8220; custom_padding__hover=&#8220;|||&#8220;][et_pb_text _builder_version=&#8220;4.3.4&#8243; header_2_font=&#8220;|700|||||||&#8220; header_2_font_size=&#8220;28px&#8220;]<\/p>\n<h2>Contact<\/h2>\n<p>[\/et_pb_text][et_pb_text _builder_version=&#8220;4.3.4&#8243;]<\/p>\n<p>Opalinka Flora<br \/> +420 722 406 020<\/p>\n<p>Head of Opalinka Flora<br \/> +420 <span>605 342 053<\/span><\/p>\n<p>CEO<br \/> Opalinka mate\u0159sk\u00e1 \u0161kola a jesle s.r.o.<br \/> +420 773 529 411<\/p>\n<p><span style=\"text-decoration: underline\"><a href=\"mailto:flora@opalinka.cz\">flora@opalinka.cz<\/a>\u00a0<\/span><br \/> <span style=\"text-decoration: underline\"> <a href=\"https:\/\/www.facebook.com\/opalinka\u00a0\" target=\"_blank\" rel=\"noopener noreferrer\">facebook.com\/opalinka<\/a><\/span><\/p>\n<p>&nbsp;<\/p>\n<p>[\/et_pb_text][et_pb_text _builder_version=&#8220;4.3.4&#8243; header_2_font=&#8220;|700|||||||&#8220; header_2_font_size=&#8220;28px&#8220;]<\/p>\n<h2>Other branches<\/h2>\n<p>[\/et_pb_text][et_pb_text _builder_version=&#8220;4.4.4&#8243; custom_margin_tablet=&#8220;&#8220; custom_margin_phone=&#8220;||31px||false|false&#8220; custom_margin_last_edited=&#8220;on|phone&#8220;]<\/p>\n<p>All branches navigation<br \/> <a href=\"http:\/\/www.opalinka.cz\" target=\"_blank\" rel=\"noopener noreferrer\"><span style=\"text-decoration: underline\">www.opalinka.cz\u00a0<\/span><\/a><\/p>\n<p>Branch \u0158\u00ed\u010dany<br \/> <span style=\"text-decoration: underline\"><a href=\"http:\/\/www.opalinka.cz\/ricany\" target=\"_blank\" rel=\"noopener noreferrer\">www.opalinka.cz\/ricany<\/a><\/span><\/p>\n<p>[\/et_pb_text][\/et_pb_column][et_pb_column type=&#8220;1_3&#8243; _builder_version=&#8220;4.2.2&#8243; background_enable_color=&#8220;off&#8220; custom_padding=&#8220;|||&#8220; custom_padding__hover=&#8220;|||&#8220;][et_pb_text _builder_version=&#8220;4.3.4&#8243; header_2_font=&#8220;|700|||||||&#8220; header_2_font_size=&#8220;28px&#8220;]<\/p>\n<h2>Address<\/h2>\n<p>[\/et_pb_text][et_pb_text _builder_version=&#8220;4.3.4&#8243; header_text_color=&#8220;#000000&#8243; min_height=&#8220;81px&#8220; custom_padding=&#8220;||0px|||&#8220;]<\/p>\n<p>Slezsk\u00e1 117<\/p>\n<p>130 00 Praha 3-Vinohrady<\/p>\n<p>Opening hours<br \/> Mo-Fri 8 AM to 6 PM (English program)<br \/> Mo-Fri 8 AM to 5 PM (Czech program)<\/p>\n<p>[\/et_pb_text][et_pb_text _builder_version=&#8220;4.2.2&#8243;][\/et_pb_text][\/et_pb_column][et_pb_column type=&#8220;1_3&#8243; _builder_version=&#8220;4.2.2&#8243; background_enable_color=&#8220;off&#8220; custom_padding=&#8220;|||&#8220; custom_padding__hover=&#8220;|||&#8220;][et_pb_text _builder_version=&#8220;4.3.4&#8243; header_2_font=&#8220;|700|||||||&#8220; header_2_font_size=&#8220;28px&#8220;]<\/p>\n<h2>Corporate information<\/h2>\n<p>[\/et_pb_text][et_pb_text _builder_version=&#8220;4.3.4&#8243; header_text_color=&#8220;#000000&#8243;]<\/p>\n<p>Opalinka mate\u0159sk\u00e1 \u0161kola a jesle s.r.o.<\/p>\n<p>Registration number:\u00a003708411<\/p>\n<p>File number: C 236535 (Municipal Court in Prague)<\/p>\n<p>[\/et_pb_text][et_pb_text _builder_version=&#8220;4.3.4&#8243; header_2_font=&#8220;|700|||||||&#8220; header_2_font_size=&#8220;28px&#8220;]<\/p>\n<h2>Application\u00a0<\/h2>\n<p>[\/et_pb_text][et_pb_text _builder_version=&#8220;4.3.4&#8243; header_text_color=&#8220;#000000&#8243;]<\/p>\n<p>Do you want your children to attend English-Czech kindergarten with native speakers? Sign up to Opalinka!<\/p>\n<p>The application form can be found <a href=\"\/flora\/en\/price-list-and-application-form-english-program\/\"><span style=\"text-decoration: underline\"><strong>HERE<\/strong><\/span><\/a>.<\/p>\n<p>[\/et_pb_text][\/et_pb_column][\/et_pb_row][et_pb_row column_structure=&#8220;1_3,2_3&#8243; _builder_version=&#8220;4.2.2&#8243; background_color=&#8220;rgba(255,255,255,0.56)&#8220; custom_margin=&#8220;||||false|false&#8220; custom_padding=&#8220;|20px||20px|false|false&#8220;][et_pb_column type=&#8220;1_3&#8243; _builder_version=&#8220;4.2.2&#8243;][et_pb_image src=&#8220;http:\/\/www.opalinka.cz\/flora\/wp-content\/uploads\/sites\/2\/2020\/02\/EU_Dotace_loga_web-1.png&#8220; _builder_version=&#8220;4.2.2&#8243;][\/et_pb_image][\/et_pb_column][et_pb_column type=&#8220;2_3&#8243; _builder_version=&#8220;4.2.2&#8243;][et_pb_text _builder_version=&#8220;4.3.4&#8243;]<\/p>\n<p>We would like to inform you that we succeeded in applying for a grant from the European Union funds within the Operational Program Research, Development and Education (Templates II. For OPALINKA kindergarten and nursery sro, reg. Number CZ.02.3.X \/0.0\/0.0\/18_064\/0013161). Our goal is personal development of teachers, joint education of children and pupils, facilitating the transition of children from kindergarten to elementary school and support extracuricular activities incl. cooperation with parents of children and pupils.<\/p>\n<p>We would like to inform you that we have succeeded in applying for a subsidy from the European Union funds within the Operational Program Prague &#8211; Growth Pole of the Czech Republic 07.4.68 (0.0 \/ 0.0 \/ 18_066 \/ 0001353). Our aim is to improve the quality of education by promoting a favorable environment for the inclusion of children with other than Czech mother tongue.<\/p>\n<p>[\/et_pb_text][\/et_pb_column][\/et_pb_row][et_pb_row _builder_version=&#8220;4.2.2&#8243;][et_pb_column type=&#8220;4_4&#8243; _builder_version=&#8220;4.2.2&#8243;][\/et_pb_column][\/et_pb_row][\/et_pb_section]<\/p>\n","protected":false},"excerpt":{"rendered":"<p>We would like to invite you to our Summer Show which begins at 15:30. After the show we will have a Tea Party. Please feel free to bring refreshmentsNext Opalinka newsContactOpalinka Flora +420 722 406 020 Head of Opalinka Flora +420 605 342 053 CEO Opalinka mate\u0159sk\u00e1 \u0161kola a jesle s.r.o. +420 773 529 411 [&hellip;]<\/p>\n","protected":false},"author":6,"featured_media":0,"comment_status":"closed","ping_status":"closed","sticky":false,"template":"","format":"standard","meta":{"_et_pb_use_builder":"on","_et_pb_old_content":"","_et_gb_content_width":"2880","footnotes":""},"categories":[7],"tags":[],"class_list":["post-2109","post","type-post","status-publish","format-standard","hentry","category-uncategorized-en"],"yoast_head":"<!-- This site is optimized with the Yoast SEO plugin v26.6 - https:\/\/yoast.com\/wordpress\/plugins\/seo\/ -->\n<title>SUMMER SHOW June 17th | Opalinka Flora<\/title>\n<meta name=\"robots\" content=\"index, follow, max-snippet:-1, max-image-preview:large, max-video-preview:-1\" \/>\n<link rel=\"canonical\" href=\"https:\/\/www.opalinka.cz\/flora\/en\/summer-show-june-17th\/\" \/>\n<meta property=\"og:locale\" content=\"cs_CZ\" \/>\n<meta property=\"og:type\" content=\"article\" \/>\n<meta property=\"og:title\" content=\"SUMMER SHOW June 17th | Opalinka Flora\" \/>\n<meta property=\"og:description\" content=\"We would like to invite you to our Summer Show which begins at 15:30. After the show we will have a Tea Party. Please feel free to bring refreshmentsNext Opalinka newsContactOpalinka Flora +420 722 406 020 Head of Opalinka Flora +420 605 342 053 CEO Opalinka mate\u0159sk\u00e1 \u0161kola a jesle s.r.o. +420 773 529 411 [&hellip;]\" \/>\n<meta property=\"og:url\" content=\"https:\/\/www.opalinka.cz\/flora\/en\/summer-show-june-17th\/\" \/>\n<meta property=\"og:site_name\" content=\"Opalinka Flora\" \/>\n<meta property=\"article:publisher\" content=\"https:\/\/www.facebook.com\/opalinka\/\" \/>\n<meta property=\"article:published_time\" content=\"2020-06-02T11:21:41+00:00\" \/>\n<meta property=\"article:modified_time\" content=\"2020-06-02T11:24:24+00:00\" \/>\n<meta name=\"author\" content=\"opalinkaflora\" \/>\n<meta name=\"twitter:card\" content=\"summary_large_image\" \/>\n<meta name=\"twitter:label1\" content=\"Napsal(a)\" \/>\n\t<meta name=\"twitter:data1\" content=\"opalinkaflora\" \/>\n\t<meta name=\"twitter:label2\" content=\"Odhadovan\u00e1 doba \u010dten\u00ed\" \/>\n\t<meta name=\"twitter:data2\" content=\"6 minut\" \/>\n<script type=\"application\/ld+json\" class=\"yoast-schema-graph\">{\"@context\":\"https:\/\/schema.org\",\"@graph\":[{\"@type\":\"WebPage\",\"@id\":\"https:\/\/www.opalinka.cz\/flora\/en\/summer-show-june-17th\/\",\"url\":\"https:\/\/www.opalinka.cz\/flora\/en\/summer-show-june-17th\/\",\"name\":\"SUMMER SHOW June 17th | Opalinka Flora\",\"isPartOf\":{\"@id\":\"https:\/\/www.opalinka.cz\/flora\/#website\"},\"datePublished\":\"2020-06-02T11:21:41+00:00\",\"dateModified\":\"2020-06-02T11:24:24+00:00\",\"author\":{\"@id\":\"https:\/\/www.opalinka.cz\/flora\/#\/schema\/person\/6f0a87dcce1a546fa298e77b53742c86\"},\"breadcrumb\":{\"@id\":\"https:\/\/www.opalinka.cz\/flora\/en\/summer-show-june-17th\/#breadcrumb\"},\"inLanguage\":\"cs\",\"potentialAction\":[{\"@type\":\"ReadAction\",\"target\":[\"https:\/\/www.opalinka.cz\/flora\/en\/summer-show-june-17th\/\"]}]},{\"@type\":\"BreadcrumbList\",\"@id\":\"https:\/\/www.opalinka.cz\/flora\/en\/summer-show-june-17th\/#breadcrumb\",\"itemListElement\":[{\"@type\":\"ListItem\",\"position\":1,\"name\":\"Dom\u016f\",\"item\":\"https:\/\/www.opalinka.cz\/flora\/\"},{\"@type\":\"ListItem\",\"position\":2,\"name\":\"SUMMER SHOW June 17th\"}]},{\"@type\":\"WebSite\",\"@id\":\"https:\/\/www.opalinka.cz\/flora\/#website\",\"url\":\"https:\/\/www.opalinka.cz\/flora\/\",\"name\":\"Opalinka Flora\",\"description\":\"Soukrom\u00e1 anglicko-\u010desk\u00e1 \u0161kolka Praha\",\"potentialAction\":[{\"@type\":\"SearchAction\",\"target\":{\"@type\":\"EntryPoint\",\"urlTemplate\":\"https:\/\/www.opalinka.cz\/flora\/?s={search_term_string}\"},\"query-input\":{\"@type\":\"PropertyValueSpecification\",\"valueRequired\":true,\"valueName\":\"search_term_string\"}}],\"inLanguage\":\"cs\"},{\"@type\":\"Person\",\"@id\":\"https:\/\/www.opalinka.cz\/flora\/#\/schema\/person\/6f0a87dcce1a546fa298e77b53742c86\",\"name\":\"opalinkaflora\",\"image\":{\"@type\":\"ImageObject\",\"inLanguage\":\"cs\",\"@id\":\"https:\/\/www.opalinka.cz\/flora\/#\/schema\/person\/image\/\",\"url\":\"https:\/\/secure.gravatar.com\/avatar\/6a3f2a0b49bbaa217dabc99fa7f5eb37194f15665728ac85e9b9e46ce94d191e?s=96&d=mm&r=g\",\"contentUrl\":\"https:\/\/secure.gravatar.com\/avatar\/6a3f2a0b49bbaa217dabc99fa7f5eb37194f15665728ac85e9b9e46ce94d191e?s=96&d=mm&r=g\",\"caption\":\"opalinkaflora\"},\"url\":\"https:\/\/www.opalinka.cz\/flora\/author\/opalinkaflora\/\"}]}<\/script>\n<!-- \/ Yoast SEO plugin. -->","yoast_head_json":{"title":"SUMMER SHOW June 17th | Opalinka Flora","robots":{"index":"index","follow":"follow","max-snippet":"max-snippet:-1","max-image-preview":"max-image-preview:large","max-video-preview":"max-video-preview:-1"},"canonical":"https:\/\/www.opalinka.cz\/flora\/en\/summer-show-june-17th\/","og_locale":"cs_CZ","og_type":"article","og_title":"SUMMER SHOW June 17th | Opalinka Flora","og_description":"We would like to invite you to our Summer Show which begins at 15:30. After the show we will have a Tea Party. Please feel free to bring refreshmentsNext Opalinka newsContactOpalinka Flora +420 722 406 020 Head of Opalinka Flora +420 605 342 053 CEO Opalinka mate\u0159sk\u00e1 \u0161kola a jesle s.r.o. +420 773 529 411 [&hellip;]","og_url":"https:\/\/www.opalinka.cz\/flora\/en\/summer-show-june-17th\/","og_site_name":"Opalinka Flora","article_publisher":"https:\/\/www.facebook.com\/opalinka\/","article_published_time":"2020-06-02T11:21:41+00:00","article_modified_time":"2020-06-02T11:24:24+00:00","author":"opalinkaflora","twitter_card":"summary_large_image","twitter_misc":{"Napsal(a)":"opalinkaflora","Odhadovan\u00e1 doba \u010dten\u00ed":"6 minut"},"schema":{"@context":"https:\/\/schema.org","@graph":[{"@type":"WebPage","@id":"https:\/\/www.opalinka.cz\/flora\/en\/summer-show-june-17th\/","url":"https:\/\/www.opalinka.cz\/flora\/en\/summer-show-june-17th\/","name":"SUMMER SHOW June 17th | Opalinka Flora","isPartOf":{"@id":"https:\/\/www.opalinka.cz\/flora\/#website"},"datePublished":"2020-06-02T11:21:41+00:00","dateModified":"2020-06-02T11:24:24+00:00","author":{"@id":"https:\/\/www.opalinka.cz\/flora\/#\/schema\/person\/6f0a87dcce1a546fa298e77b53742c86"},"breadcrumb":{"@id":"https:\/\/www.opalinka.cz\/flora\/en\/summer-show-june-17th\/#breadcrumb"},"inLanguage":"cs","potentialAction":[{"@type":"ReadAction","target":["https:\/\/www.opalinka.cz\/flora\/en\/summer-show-june-17th\/"]}]},{"@type":"BreadcrumbList","@id":"https:\/\/www.opalinka.cz\/flora\/en\/summer-show-june-17th\/#breadcrumb","itemListElement":[{"@type":"ListItem","position":1,"name":"Dom\u016f","item":"https:\/\/www.opalinka.cz\/flora\/"},{"@type":"ListItem","position":2,"name":"SUMMER SHOW June 17th"}]},{"@type":"WebSite","@id":"https:\/\/www.opalinka.cz\/flora\/#website","url":"https:\/\/www.opalinka.cz\/flora\/","name":"Opalinka Flora","description":"Soukrom\u00e1 anglicko-\u010desk\u00e1 \u0161kolka Praha","potentialAction":[{"@type":"SearchAction","target":{"@type":"EntryPoint","urlTemplate":"https:\/\/www.opalinka.cz\/flora\/?s={search_term_string}"},"query-input":{"@type":"PropertyValueSpecification","valueRequired":true,"valueName":"search_term_string"}}],"inLanguage":"cs"},{"@type":"Person","@id":"https:\/\/www.opalinka.cz\/flora\/#\/schema\/person\/6f0a87dcce1a546fa298e77b53742c86","name":"opalinkaflora","image":{"@type":"ImageObject","inLanguage":"cs","@id":"https:\/\/www.opalinka.cz\/flora\/#\/schema\/person\/image\/","url":"https:\/\/secure.gravatar.com\/avatar\/6a3f2a0b49bbaa217dabc99fa7f5eb37194f15665728ac85e9b9e46ce94d191e?s=96&d=mm&r=g","contentUrl":"https:\/\/secure.gravatar.com\/avatar\/6a3f2a0b49bbaa217dabc99fa7f5eb37194f15665728ac85e9b9e46ce94d191e?s=96&d=mm&r=g","caption":"opalinkaflora"},"url":"https:\/\/www.opalinka.cz\/flora\/author\/opalinkaflora\/"}]}},"_links":{"self":[{"href":"https:\/\/www.opalinka.cz\/flora\/wp-json\/wp\/v2\/posts\/2109","targetHints":{"allow":["GET"]}}],"collection":[{"href":"https:\/\/www.opalinka.cz\/flora\/wp-json\/wp\/v2\/posts"}],"about":[{"href":"https:\/\/www.opalinka.cz\/flora\/wp-json\/wp\/v2\/types\/post"}],"author":[{"embeddable":true,"href":"https:\/\/www.opalinka.cz\/flora\/wp-json\/wp\/v2\/users\/6"}],"replies":[{"embeddable":true,"href":"https:\/\/www.opalinka.cz\/flora\/wp-json\/wp\/v2\/comments?post=2109"}],"version-history":[{"count":4,"href":"https:\/\/www.opalinka.cz\/flora\/wp-json\/wp\/v2\/posts\/2109\/revisions"}],"predecessor-version":[{"id":2115,"href":"https:\/\/www.opalinka.cz\/flora\/wp-json\/wp\/v2\/posts\/2109\/revisions\/2115"}],"wp:attachment":[{"href":"https:\/\/www.opalinka.cz\/flora\/wp-json\/wp\/v2\/media?parent=2109"}],"wp:term":[{"taxonomy":"category","embeddable":true,"href":"https:\/\/www.opalinka.cz\/flora\/wp-json\/wp\/v2\/categories?post=2109"},{"taxonomy":"post_tag","embeddable":true,"href":"https:\/\/www.opalinka.cz\/flora\/wp-json\/wp\/v2\/tags?post=2109"}],"curies":[{"name":"wp","href":"https:\/\/api.w.org\/{rel}","templated":true}]}}